{"id":3236,"date":"2020-06-21T12:07:59","date_gmt":"2020-06-21T10:07:59","guid":{"rendered":"https:\/\/www.masterchefhugo.com\/?p=3236"},"modified":"2020-06-23T14:16:02","modified_gmt":"2020-06-23T12:16:02","slug":"grecky-zeleninovy-salat-od-huga","status":"publish","type":"post","link":"https:\/\/www.masterchefhugo.com\/lv\/grecky-zeleninovy-salat-od-huga\/","title":{"rendered":"GRIE\u0136U SAL\u0100TI no Hugo"},"content":{"rendered":"<div class=\"wpb-content-wrapper\"><p><\/p>\n<p>[vc_row][vc_column][vc_single_image image=&#8221;3237&#8243; img_size=&#8221;full&#8221; alignment=&#8221;center&#8221;][vc_column_text]Un atkal t\u012bra d\u0101rze\u0146u un ol\u012bve\u013c\u013cas gar\u0161u bu\u0137ete.. Lieliska gar\u0161u harmonija, ko gr\u016bti saboj\u0101t. Un nav darbietilp\u012bgi!<\/p>\n<p>Jums b\u016bs nepiecie\u0161ams:<span class=\"text_exposed_show\"><br \/>\n<span class=\"_5mfr\"><span class=\"_6qdm\">\ud83d\udc4d<\/span><\/span> Svaigs gur\u0137is<br \/>\n<span class=\"_5mfr\"><span class=\"_6qdm\">\ud83d\udc4d<\/span><\/span> Tom\u0101ti<br \/>\n<span class=\"_5mfr\"><span class=\"_6qdm\">\ud83d\udc4d<\/span><\/span> S\u012bpols, v\u0113lams sarkanais<br \/>\n<span class=\"_5mfr\"><span class=\"_6qdm\">\ud83d\udc4d<\/span><\/span> Za\u013c\u0101 paprika<br \/>\n<span class=\"_5mfr\"><span class=\"_6qdm\">\ud83d\udc4d<\/span><\/span> Meln\u0101s ol\u012bvas<br \/>\n<span class=\"_5mfr\"><span class=\"_6qdm\">\ud83d\udc4d<\/span><\/span> S\u0101l\u012bts siers, lab\u0101k FETA ( bet man pat\u012bk ar nedaudz s\u0101l\u012btu biezpienu)<br \/>\n<span class=\"_5mfr\"><span class=\"_6qdm\">\ud83d\udc4d<\/span><\/span> S\u0101ls, oregano, ol\u012bve\u013c\u013ca Extra Virgin<\/span><\/p>\n<div class=\"text_exposed_show\">\n<p>Process:<br \/>\nVienk\u0101r\u0161i sagrieziet d\u0101rze\u0146us, k\u0101rtojiet sal\u0101tu trauk\u0101, pievienojiet kubi\u0146os sagrieztu sieru, nedaudz s\u0101ls, nedaudz oregano un p\u0101rlejiet p\u0101ri kvalitat\u012bvu ol\u012bve\u013c\u013cu. P\u0101rkaisiet ol\u012bvas (nav oblig\u0101ti, ja jums t\u0101s nepat\u012bk).<br \/>\nGATAVS!<\/p>\n<p>Pasniedz k\u0101 sal\u0101tus ar maizi vai k\u0101 piedevu pie ga\u013cas \u0113dieniem.<br \/>\n\u0160odien man tie bija k\u0101 piedeva pie Grie\u0137u ga\u013cas iesmi\u0146iem.<\/p>\n<p>Lai labi gar\u0161o, draugi!<br \/>\nTavs Hugo<\/p>\n<\/div>\n<p>[\/vc_column_text][\/vc_column][vc_column][\/vc_column][\/vc_row][vc_row][vc_column][\/vc_column][vc_column][\/vc_column][vc_column][\/vc_column][\/vc_row]<\/p>\n<p><\/p>\n<\/div>","protected":false},"excerpt":{"rendered":"<p>[vc_row][vc_column][vc_single_image image=&#8221;3237&#8243; img_size=&#8221;full&#8221; alignment=&#8221;center&#8221;][vc_column_text]Un atkal t\u012bra d\u0101rze\u0146u un ol\u012bve\u013c\u013cas gar\u0161u bu\u0137ete.. Lieliska gar\u0161u harmonija, ko gr\u016bti saboj\u0101t. Un nav darbietilp\u012bgi! Jums b\u016bs nepiecie\u0161ams: \ud83d\udc4d Svaigs gur\u0137is \ud83d\udc4d Tom\u0101ti \ud83d\udc4d S\u012bpols, v\u0113lams sarkanais \ud83d\udc4d Za\u013c\u0101 paprika \ud83d\udc4d Meln\u0101s ol\u012bvas \ud83d\udc4d S\u0101l\u012bts siers, lab\u0101k FETA ( bet man pat\u012bk ar nedaudz s\u0101l\u012btu biezpienu) \ud83d\udc4d S\u0101ls, oregano, ol\u012bve\u013c\u013ca&hellip;<\/p>\n","protected":false},"author":2,"featured_media":3237,"comment_status":"open","ping_status":"open","sticky":false,"template":"","format":"standard","meta":{"footnotes":""},"categories":[11,7],"tags":[],"class_list":["post-3236","post","type-post","status-publish","format-standard","has-post-thumbnail","hentry","category-jedla-bez-masa","category-recepty","category-11","category-7","description-off"],"aioseo_notices":[],"_links":{"self":[{"href":"https:\/\/www.masterchefhugo.com\/lv\/wp-json\/wp\/v2\/posts\/3236","targetHints":{"allow":["GET"]}}],"collection":[{"href":"https:\/\/www.masterchefhugo.com\/lv\/wp-json\/wp\/v2\/posts"}],"about":[{"href":"https:\/\/www.masterchefhugo.com\/lv\/wp-json\/wp\/v2\/types\/post"}],"author":[{"embeddable":true,"href":"https:\/\/www.masterchefhugo.com\/lv\/wp-json\/wp\/v2\/users\/2"}],"replies":[{"embeddable":true,"href":"https:\/\/www.masterchefhugo.com\/lv\/wp-json\/wp\/v2\/comments?post=3236"}],"version-history":[{"count":1,"href":"https:\/\/www.masterchefhugo.com\/lv\/wp-json\/wp\/v2\/posts\/3236\/revisions"}],"predecessor-version":[{"id":3238,"href":"https:\/\/www.masterchefhugo.com\/lv\/wp-json\/wp\/v2\/posts\/3236\/revisions\/3238"}],"wp:featuredmedia":[{"embeddable":true,"href":"https:\/\/www.masterchefhugo.com\/lv\/wp-json\/wp\/v2\/media\/3237"}],"wp:attachment":[{"href":"https:\/\/www.masterchefhugo.com\/lv\/wp-json\/wp\/v2\/media?parent=3236"}],"wp:term":[{"taxonomy":"category","embeddable":true,"href":"https:\/\/www.masterchefhugo.com\/lv\/wp-json\/wp\/v2\/categories?post=3236"},{"taxonomy":"post_tag","embeddable":true,"href":"https:\/\/www.masterchefhugo.com\/lv\/wp-json\/wp\/v2\/tags?post=3236"}],"curies":[{"name":"wp","href":"https:\/\/api.w.org\/{rel}","templated":true}]}}